[{"@context":"https:\/\/schema.org\/","@type":"Article","@id":"https:\/\/www.untr.cz\/prace-s-politikou\/#Article","mainEntityOfPage":"https:\/\/www.untr.cz\/prace-s-politikou\/","headline":"Pr\u00e1ce s politikou","name":"Pr\u00e1ce s politikou","description":"N\u011bkdo se zaj\u00edm\u00e1 o politiku v\u00edce a n\u011bkdo se zaj\u00edm\u00e1 o politiku [&hellip;]","datePublished":"2024-10-31","dateModified":"2024-10-31","author":{"@type":"Person","@id":"https:\/\/www.untr.cz\/author\/#Person","name":"","url":"https:\/\/www.untr.cz\/author\/","identifier":1,"image":{"@type":"ImageObject","@id":"https:\/\/secure.gravatar.com\/avatar\/1aa4d33840e2afc29128e2a456d425ca0d17b173c888af2db652b1d34fe6f93d?s=96&d=mm&r=g","url":"https:\/\/secure.gravatar.com\/avatar\/1aa4d33840e2afc29128e2a456d425ca0d17b173c888af2db652b1d34fe6f93d?s=96&d=mm&r=g","height":96,"width":96}},"publisher":{"@type":"Organization","name":"untr.cz","logo":{"@type":"ImageObject","@id":"\/logo.png","url":"\/logo.png","width":600,"height":60}},"image":{"@type":"ImageObject","@id":"https:\/\/www.untr.cz\/wp-content\/uploads\/martin-schulz-3469823_1280.jpg","url":"https:\/\/www.untr.cz\/wp-content\/uploads\/martin-schulz-3469823_1280.jpg","height":0,"width":0},"url":"https:\/\/www.untr.cz\/prace-s-politikou\/","about":["Politika"],"wordCount":428,"articleBody":"N\u011bkdo se zaj\u00edm\u00e1 o politiku v\u00edce a n\u011bkdo se zaj\u00edm\u00e1 o politiku opravdu o hodn\u011b m\u00e9n\u011b. V\u016fbec nev\u00edm, pro\u010d tomu tak je, proto\u017ee hodn\u011b lid\u00ed by pr\u00e1v\u011b m\u011blo pochopit politiku a dal\u0161\u00ed technologick\u00e9 a politick\u00e9 v\u011bci, aby se pr\u00e1v\u011b v politice vyznali, aby v\u011bd\u011bli, o \u010dem ten sv\u011bt je. Samoz\u0159ejm\u011b, \u017ee lid\u00e9 mohou sledovat pouze jenom \u010deskou politiku, ale tak\u00e9 samoz\u0159ejm\u011b zahrani\u010dn\u00ed politiku. A\u00a0vyzn\u00e1te se t\u0159eba v evropsk\u00e9 unii, sledujete evropskou unii? Zaj\u00edm\u00e1te se o politiku? Mnoho lid\u00ed pr\u00e1v\u011b se o politiku nezaj\u00edm\u00e1, proto\u017ee u\u017e\u00a0politice v\u016fbec nev\u011b\u0159\u00ed. A vy se div\u00edte, \u017ee lid\u00e9 u\u017e politice v\u016fbec nev\u011b\u0159\u00ed?J\u00e1 se tomu nediv\u00edm. J\u00e1 jsem tak\u00e9 jednu\u00a0dobu, je to asi p\u011bt\u00a0let zp\u00e1tky, u\u017e v\u016fbec nev\u011b\u0159ila politice a myslela jsem si, \u017ee je to jenom \u0161a\u0161k\u00e1rna a \u017ee tam lid\u00e9 si chod\u00ed snad jenom sednout a berou opravdu nehor\u00e1zn\u011b vysok\u00e9 platy. Tohle m\u011b osobn\u011b by moc vadilo, proto\u017ee jsem si \u0159ekla, \u017ee je nejlep\u0161\u00ed, kdy\u017e lid\u00e9 si vlastn\u011b uv\u011bdom\u00ed, \u017ee nejd\u016fle\u017eit\u011bj\u0161\u00ed je tak\u00e9 pochopen\u00ed politiky a tak podobn\u011b. Jenom\u017ee n\u011bkdy lid\u00e9 v\u016fbec nedaj\u00ed na to, aby pochopili informa\u010dn\u00ed technologii anebo politiku. A potom je to velice smutn\u00e9, proto\u017ee d\u00edky politice se lid\u00e9 tak\u00e9 dozv\u00eddaj\u00ed, jak\u00fd je sv\u011bt anebo co se bude d\u00edt se sv\u011btem.J\u00e1 v\u00edm, \u017ee tak\u00e9 politici n\u011bkdy m\u011bn\u00ed sv\u00e1 rozhodnut\u00ed z hodiny na hodinu anebo z minuty na minutu, jednodu\u0161e zm\u011bn\u00ed sv\u00e9 rozhodnut\u00ed ze dne na den anebo vyd\u00e1vaj\u00ed takov\u00e9 p\u0159\u00edkazy a z\u00e1kazy anebo z\u00e1kony, \u017ee vlastn\u011b norm\u00e1ln\u00edm lidem nad t\u00edm z\u016fst\u00e1v\u00e1 rozum st\u00e1t. Tak j\u00e1 si vzpom\u00edn\u00e1m na n\u011bkolik z\u00e1kon\u016f, o kter\u00fdch jsem v\u016fbec netu\u0161ila, \u017ee vlastn\u011b politici mohou d\u00e1t. Jenom\u017ee bohu\u017eel je n\u011bkdo schv\u00e1lil, a tak tyto\u00a0z\u00e1kony vznikly. A v\u016fbec tomuhle nerozum\u00edm. J\u00e1 bych se cht\u011bla vyznat v politice aspo\u0148 z devades\u00e1ti procent, ale bohu\u017eel to nejde. A\u00a0musela bych si po\u0159\u00eddit n\u011bjakou knihu anebo chodit na n\u011bjak\u00e9 p\u0159edn\u00e1\u0161ky. Nebo absolutn\u011b tomu v\u016fbec nerozum\u00edm. \u0158ekla jsem si, \u017ee politika je opravdu hodn\u011b slo\u017eit\u00e1, ale n\u011bkoho to bav\u00ed. A \u010dte o n\u00ed\u00a0tak\u00e9 knihy a \u010dasopisy.\u00a0                                                                                                                                                                                                                                                                                                                                                                                        3.6\/5 - (10 votes)        "},{"@context":"https:\/\/schema.org\/","@type":"BreadcrumbList","itemListElement":[{"@type":"ListItem","position":1,"name":"Pr\u00e1ce s politikou","item":"https:\/\/www.untr.cz\/prace-s-politikou\/#breadcrumbitem"}]}]